{"id":42677,"date":"2025-06-27T13:57:08","date_gmt":"2025-06-27T13:57:08","guid":{"rendered":"https:\/\/rocxi.es\/?p=42677"},"modified":"2025-07-16T10:51:40","modified_gmt":"2025-07-16T10:51:40","slug":"cocina-tradicional-catalana-para-el-verano-los-platos-mas-frescos-y-sabrosos-de-rocxi","status":"publish","type":"post","link":"https:\/\/rocxi.es\/es\/cocina-tradicional-catalana-para-el-verano-los-platos-mas-frescos-y-sabrosos-de-rocxi\/","title":{"rendered":"Cocina tradicional catalana para el verano: los platos m\u00e1s frescos y sabrosos de Rocxi"},"content":{"rendered":"<p>Con la llegada del verano, la cocina tradicional catalana tambi\u00e9n se vuelve m\u00e1s fresca y ligera.<\/p>\n<p>En Rocxi, seguimos apostando por la cocina tradicional catalana. En nuestra carta encontrar\u00e1s recetas frescas con ingredientes de calidad y ese toque casero que define nuestra cocina. A continuaci\u00f3n, te presentamos algunas de nuestras propuestas ideales para el verano.<\/p>\n<h3><strong>Ensaladas con car\u00e1cter catal\u00e1n<\/strong><\/h3>\n<p><strong>Ensalada de tomate Raf con ventresca de bonito, cebolla y anchoas<\/strong><br \/>\nUna combinaci\u00f3n cl\u00e1sica, con producto de primera y sabor a verano. El tomate Raf, carnoso y sabroso, se mezcla con la ventresca, la cebolla y las anchoas para crear una ensalada fresca y llena de matices.<\/p>\n<p><strong>Ensalada de langostinos y salm\u00f3n<\/strong><br \/>\nFresca, ligera y con un punto marino que conquista. Perfecta como entrante o plato \u00fanico, especialmente en d\u00edas de calor.<\/p>\n<p><strong>Ensalada de burrata con tomate y jam\u00f3n ib\u00e9rico<\/strong><br \/>\nUn contraste de texturas y sabores que sorprende. La burrata cremosa y el jam\u00f3n ib\u00e9rico se funden con la acidez del tomate para ofrecer un plato que, aunque moderno, respeta la esencia de nuestra cocina.<\/p>\n<h3><strong>Propuestas frescas del mar<\/strong><\/h3>\n<p><strong>Tartares de at\u00fan y salm\u00f3n con guacamole<\/strong><br \/>\nUna opci\u00f3n perfecta para quienes buscan frescura sin renunciar al sabor. Preparados al momento, nuestros tartares destacan por su equilibrio y presentaci\u00f3n.<\/p>\n<p><strong>At\u00fan rojo marinado en salsa oriental a la piedra<\/strong><br \/>\nUn plato que combina la tradici\u00f3n mediterr\u00e1nea con un toque creativo. El at\u00fan rojo se sirve en una piedra caliente, con una salsa que realza su sabor sin enmascararlo. Una experiencia que no te puedes perder.<\/p>\n<h3><strong>Tradici\u00f3n, calidad y verano en Rocxi<\/strong><\/h3>\n<p>Tanto si buscas una comida ligera como una experiencia gastron\u00f3mica completa, en Rocxi encontrar\u00e1s platos pensados para disfrutar tambi\u00e9n en los meses m\u00e1s c\u00e1lidos. Porque la cocina tradicional catalana no entiende de estaciones, pero s\u00ed de buenos productos y sabores aut\u00e9nticos.<\/p>\n","protected":false},"excerpt":{"rendered":"<p>Con la llegada del verano, la cocina tradicional catalana tambi\u00e9n se vuelve m\u00e1s fresca y ligera. En Rocxi, seguimos apostando&#8230;<\/p>\n","protected":false},"author":2,"featured_media":42678,"comment_status":"open","ping_status":"open","sticky":false,"template":"","format":"standard","meta":[],"categories":[234],"tags":[],"yoast_head":"<!-- This site is optimized with the Yoast SEO plugin v17.2 - https:\/\/yoast.com\/wordpress\/plugins\/seo\/ -->\n<title>Cocina tradicional catalana para el verano | Rocxi<\/title>\n<meta name=\"description\" content=\"Cocina tradicional catalana con platos frescos ideales para el verano: ensaladas, tartares y sabores aut\u00e9nticos para los d\u00edas calurosos.\" \/>\n<meta name=\"robots\" content=\"index, follow, max-snippet:-1, max-image-preview:large, max-video-preview:-1\" \/>\n<link rel=\"canonical\" href=\"https:\/\/rocxi.es\/es\/cocina-tradicional-catalana-para-el-verano-los-platos-mas-frescos-y-sabrosos-de-rocxi\/\" \/>\n<meta property=\"og:locale\" content=\"es_ES\" \/>\n<meta property=\"og:type\" content=\"article\" \/>\n<meta property=\"og:title\" content=\"Cocina tradicional catalana para el verano | Rocxi\" \/>\n<meta property=\"og:description\" content=\"Cocina tradicional catalana con platos frescos ideales para el verano: ensaladas, tartares y sabores aut\u00e9nticos para los d\u00edas calurosos.\" \/>\n<meta property=\"og:url\" content=\"https:\/\/rocxi.es\/es\/cocina-tradicional-catalana-para-el-verano-los-platos-mas-frescos-y-sabrosos-de-rocxi\/\" \/>\n<meta property=\"og:site_name\" content=\"ROCXI Restaurants - Barcelona, Sants, l&#039;Hospitalet, Sant Joan Desp\u00ed\" \/>\n<meta property=\"article:published_time\" content=\"2025-06-27T13:57:08+00:00\" \/>\n<meta property=\"article:modified_time\" content=\"2025-07-16T10:51:40+00:00\" \/>\n<meta property=\"og:image\" content=\"https:\/\/rocxi.es\/wp-content\/uploads\/2025\/06\/cocina-tradicional-catalana-verano.jpg\" \/>\n\t<meta property=\"og:image:width\" content=\"1080\" \/>\n\t<meta property=\"og:image:height\" content=\"1350\" \/>\n<meta name=\"twitter:card\" content=\"summary\" \/>\n<meta name=\"twitter:label1\" content=\"Escrito por\" \/>\n\t<meta name=\"twitter:data1\" content=\"Gesti\u00f3n de Reserva\" \/>\n\t<meta name=\"twitter:label2\" content=\"Tiempo de lectura\" \/>\n\t<meta name=\"twitter:data2\" content=\"2 minutos\" \/>\n<script type=\"application\/ld+json\" class=\"yoast-schema-graph\">{\"@context\":\"https:\/\/schema.org\",\"@graph\":[{\"@type\":\"WebSite\",\"@id\":\"https:\/\/rocxi.es\/#website\",\"url\":\"https:\/\/rocxi.es\/\",\"name\":\"ROCXI Restaurants - Barcelona, Sants, l&#039;Hospitalet, Sant Joan Desp\\u00ed\",\"description\":\"A ROCXI Restaurants oferim l&#039;aut\\u00e8ntica cuina mediterr\\u00e0nia amb una cuidada carta de vins, obtenint la millor combinaci\\u00f3 de qualitat i preu.\",\"potentialAction\":[{\"@type\":\"SearchAction\",\"target\":{\"@type\":\"EntryPoint\",\"urlTemplate\":\"https:\/\/rocxi.es\/?s={search_term_string}\"},\"query-input\":\"required name=search_term_string\"}],\"inLanguage\":\"es-ES\"},{\"@type\":\"ImageObject\",\"@id\":\"https:\/\/rocxi.es\/es\/cocina-tradicional-catalana-para-el-verano-los-platos-mas-frescos-y-sabrosos-de-rocxi\/#primaryimage\",\"inLanguage\":\"es-ES\",\"url\":\"https:\/\/rocxi.es\/wp-content\/uploads\/2025\/06\/cocina-tradicional-catalana-verano.jpg\",\"contentUrl\":\"https:\/\/rocxi.es\/wp-content\/uploads\/2025\/06\/cocina-tradicional-catalana-verano.jpg\",\"width\":1080,\"height\":1350,\"caption\":\"Cocina tradicional catalana para el verano\"},{\"@type\":\"WebPage\",\"@id\":\"https:\/\/rocxi.es\/es\/cocina-tradicional-catalana-para-el-verano-los-platos-mas-frescos-y-sabrosos-de-rocxi\/#webpage\",\"url\":\"https:\/\/rocxi.es\/es\/cocina-tradicional-catalana-para-el-verano-los-platos-mas-frescos-y-sabrosos-de-rocxi\/\",\"name\":\"Cocina tradicional catalana para el verano | Rocxi\",\"isPartOf\":{\"@id\":\"https:\/\/rocxi.es\/#website\"},\"primaryImageOfPage\":{\"@id\":\"https:\/\/rocxi.es\/es\/cocina-tradicional-catalana-para-el-verano-los-platos-mas-frescos-y-sabrosos-de-rocxi\/#primaryimage\"},\"datePublished\":\"2025-06-27T13:57:08+00:00\",\"dateModified\":\"2025-07-16T10:51:40+00:00\",\"author\":{\"@id\":\"https:\/\/rocxi.es\/#\/schema\/person\/7e9b7533f99f09151f6679a869fe63bd\"},\"description\":\"Cocina tradicional catalana con platos frescos ideales para el verano: ensaladas, tartares y sabores aut\\u00e9nticos para los d\\u00edas calurosos.\",\"breadcrumb\":{\"@id\":\"https:\/\/rocxi.es\/es\/cocina-tradicional-catalana-para-el-verano-los-platos-mas-frescos-y-sabrosos-de-rocxi\/#breadcrumb\"},\"inLanguage\":\"es-ES\",\"potentialAction\":[{\"@type\":\"ReadAction\",\"target\":[\"https:\/\/rocxi.es\/es\/cocina-tradicional-catalana-para-el-verano-los-platos-mas-frescos-y-sabrosos-de-rocxi\/\"]}]},{\"@type\":\"BreadcrumbList\",\"@id\":\"https:\/\/rocxi.es\/es\/cocina-tradicional-catalana-para-el-verano-los-platos-mas-frescos-y-sabrosos-de-rocxi\/#breadcrumb\",\"itemListElement\":[{\"@type\":\"ListItem\",\"position\":1,\"name\":\"Portada\",\"item\":\"https:\/\/rocxi.es\/es\/\"},{\"@type\":\"ListItem\",\"position\":2,\"name\":\"Cocina tradicional catalana para el verano: los platos m\\u00e1s frescos y sabrosos de Rocxi\"}]},{\"@type\":\"Person\",\"@id\":\"https:\/\/rocxi.es\/#\/schema\/person\/7e9b7533f99f09151f6679a869fe63bd\",\"name\":\"Gesti\\u00f3n de Reserva\",\"image\":{\"@type\":\"ImageObject\",\"@id\":\"https:\/\/rocxi.es\/#personlogo\",\"inLanguage\":\"es-ES\",\"url\":\"https:\/\/secure.gravatar.com\/avatar\/b7b203a859fc1bfb7d2aa04f57f4dd26?s=96&d=mm&r=g\",\"contentUrl\":\"https:\/\/secure.gravatar.com\/avatar\/b7b203a859fc1bfb7d2aa04f57f4dd26?s=96&d=mm&r=g\",\"caption\":\"Gesti\\u00f3n de Reserva\"}}]}<\/script>\n<!-- \/ Yoast SEO plugin. -->","yoast_head_json":{"title":"Cocina tradicional catalana para el verano | Rocxi","description":"Cocina tradicional catalana con platos frescos ideales para el verano: ensaladas, tartares y sabores aut\u00e9nticos para los d\u00edas calurosos.","robots":{"index":"index","follow":"follow","max-snippet":"max-snippet:-1","max-image-preview":"max-image-preview:large","max-video-preview":"max-video-preview:-1"},"canonical":"https:\/\/rocxi.es\/es\/cocina-tradicional-catalana-para-el-verano-los-platos-mas-frescos-y-sabrosos-de-rocxi\/","og_locale":"es_ES","og_type":"article","og_title":"Cocina tradicional catalana para el verano | Rocxi","og_description":"Cocina tradicional catalana con platos frescos ideales para el verano: ensaladas, tartares y sabores aut\u00e9nticos para los d\u00edas calurosos.","og_url":"https:\/\/rocxi.es\/es\/cocina-tradicional-catalana-para-el-verano-los-platos-mas-frescos-y-sabrosos-de-rocxi\/","og_site_name":"ROCXI Restaurants - Barcelona, Sants, l&#039;Hospitalet, Sant Joan Desp\u00ed","article_published_time":"2025-06-27T13:57:08+00:00","article_modified_time":"2025-07-16T10:51:40+00:00","og_image":[{"width":1080,"height":1350,"filesize":937158,"url":"https:\/\/rocxi.es\/wp-content\/uploads\/2025\/06\/cocina-tradicional-catalana-verano.jpg","path":"\/home\/esanases\/rocxi.es\/wp-content\/uploads\/2025\/06\/cocina-tradicional-catalana-verano.jpg","size":"full","id":42678,"alt":"Cocina tradicional catalana para el verano","pixels":1458000,"type":"image\/jpeg"}],"twitter_card":"summary","twitter_misc":{"Escrito por":"Gesti\u00f3n de Reserva","Tiempo de lectura":"2 minutos"},"schema":{"@context":"https:\/\/schema.org","@graph":[{"@type":"WebSite","@id":"https:\/\/rocxi.es\/#website","url":"https:\/\/rocxi.es\/","name":"ROCXI Restaurants - Barcelona, Sants, l&#039;Hospitalet, Sant Joan Desp\u00ed","description":"A ROCXI Restaurants oferim l&#039;aut\u00e8ntica cuina mediterr\u00e0nia amb una cuidada carta de vins, obtenint la millor combinaci\u00f3 de qualitat i preu.","potentialAction":[{"@type":"SearchAction","target":{"@type":"EntryPoint","urlTemplate":"https:\/\/rocxi.es\/?s={search_term_string}"},"query-input":"required name=search_term_string"}],"inLanguage":"es-ES"},{"@type":"ImageObject","@id":"https:\/\/rocxi.es\/es\/cocina-tradicional-catalana-para-el-verano-los-platos-mas-frescos-y-sabrosos-de-rocxi\/#primaryimage","inLanguage":"es-ES","url":"https:\/\/rocxi.es\/wp-content\/uploads\/2025\/06\/cocina-tradicional-catalana-verano.jpg","contentUrl":"https:\/\/rocxi.es\/wp-content\/uploads\/2025\/06\/cocina-tradicional-catalana-verano.jpg","width":1080,"height":1350,"caption":"Cocina tradicional catalana para el verano"},{"@type":"WebPage","@id":"https:\/\/rocxi.es\/es\/cocina-tradicional-catalana-para-el-verano-los-platos-mas-frescos-y-sabrosos-de-rocxi\/#webpage","url":"https:\/\/rocxi.es\/es\/cocina-tradicional-catalana-para-el-verano-los-platos-mas-frescos-y-sabrosos-de-rocxi\/","name":"Cocina tradicional catalana para el verano | Rocxi","isPartOf":{"@id":"https:\/\/rocxi.es\/#website"},"primaryImageOfPage":{"@id":"https:\/\/rocxi.es\/es\/cocina-tradicional-catalana-para-el-verano-los-platos-mas-frescos-y-sabrosos-de-rocxi\/#primaryimage"},"datePublished":"2025-06-27T13:57:08+00:00","dateModified":"2025-07-16T10:51:40+00:00","author":{"@id":"https:\/\/rocxi.es\/#\/schema\/person\/7e9b7533f99f09151f6679a869fe63bd"},"description":"Cocina tradicional catalana con platos frescos ideales para el verano: ensaladas, tartares y sabores aut\u00e9nticos para los d\u00edas calurosos.","breadcrumb":{"@id":"https:\/\/rocxi.es\/es\/cocina-tradicional-catalana-para-el-verano-los-platos-mas-frescos-y-sabrosos-de-rocxi\/#breadcrumb"},"inLanguage":"es-ES","potentialAction":[{"@type":"ReadAction","target":["https:\/\/rocxi.es\/es\/cocina-tradicional-catalana-para-el-verano-los-platos-mas-frescos-y-sabrosos-de-rocxi\/"]}]},{"@type":"BreadcrumbList","@id":"https:\/\/rocxi.es\/es\/cocina-tradicional-catalana-para-el-verano-los-platos-mas-frescos-y-sabrosos-de-rocxi\/#breadcrumb","itemListElement":[{"@type":"ListItem","position":1,"name":"Portada","item":"https:\/\/rocxi.es\/es\/"},{"@type":"ListItem","position":2,"name":"Cocina tradicional catalana para el verano: los platos m\u00e1s frescos y sabrosos de Rocxi"}]},{"@type":"Person","@id":"https:\/\/rocxi.es\/#\/schema\/person\/7e9b7533f99f09151f6679a869fe63bd","name":"Gesti\u00f3n de Reserva","image":{"@type":"ImageObject","@id":"https:\/\/rocxi.es\/#personlogo","inLanguage":"es-ES","url":"https:\/\/secure.gravatar.com\/avatar\/b7b203a859fc1bfb7d2aa04f57f4dd26?s=96&d=mm&r=g","contentUrl":"https:\/\/secure.gravatar.com\/avatar\/b7b203a859fc1bfb7d2aa04f57f4dd26?s=96&d=mm&r=g","caption":"Gesti\u00f3n de Reserva"}}]}},"_links":{"self":[{"href":"https:\/\/rocxi.es\/es\/wp-json\/wp\/v2\/posts\/42677"}],"collection":[{"href":"https:\/\/rocxi.es\/es\/wp-json\/wp\/v2\/posts"}],"about":[{"href":"https:\/\/rocxi.es\/es\/wp-json\/wp\/v2\/types\/post"}],"author":[{"embeddable":true,"href":"https:\/\/rocxi.es\/es\/wp-json\/wp\/v2\/users\/2"}],"replies":[{"embeddable":true,"href":"https:\/\/rocxi.es\/es\/wp-json\/wp\/v2\/comments?post=42677"}],"version-history":[{"count":1,"href":"https:\/\/rocxi.es\/es\/wp-json\/wp\/v2\/posts\/42677\/revisions"}],"predecessor-version":[{"id":42681,"href":"https:\/\/rocxi.es\/es\/wp-json\/wp\/v2\/posts\/42677\/revisions\/42681"}],"wp:featuredmedia":[{"embeddable":true,"href":"https:\/\/rocxi.es\/es\/wp-json\/wp\/v2\/media\/42678"}],"wp:attachment":[{"href":"https:\/\/rocxi.es\/es\/wp-json\/wp\/v2\/media?parent=42677"}],"wp:term":[{"taxonomy":"category","embeddable":true,"href":"https:\/\/rocxi.es\/es\/wp-json\/wp\/v2\/categories?post=42677"},{"taxonomy":"post_tag","embeddable":true,"href":"https:\/\/rocxi.es\/es\/wp-json\/wp\/v2\/tags?post=42677"}],"curies":[{"name":"wp","href":"https:\/\/api.w.org\/{rel}","templated":true}]}}