{"id":42606,"date":"2025-02-27T09:47:01","date_gmt":"2025-02-27T09:47:01","guid":{"rendered":"https:\/\/rocxi.es\/?p=42606"},"modified":"2025-02-27T09:55:23","modified_gmt":"2025-02-27T09:55:23","slug":"la-historia-detras-de-nuestro-plato-mas-emblematico-els-cargols","status":"publish","type":"post","link":"https:\/\/rocxi.es\/es\/la-historia-detras-de-nuestro-plato-mas-emblematico-els-cargols\/","title":{"rendered":"La historia detr\u00e1s de nuestro plato m\u00e1s emblem\u00e1tico: els cargols"},"content":{"rendered":"<p>Si hay un plato que representa la esencia de nuestra cocina es, sin duda, els cargols. Un cl\u00e1sico de la cocina tradicional catalana que combina tradici\u00f3n, sabor y el cari\u00f1o de generaciones que han disfrutado de esta receta en reuniones familiares y celebraciones.<\/p>\n<h3><strong>Un plato con ra\u00edces profundas<\/strong><\/h3>\n<p>El caracol ha sido un ingrediente presente en la cocina mediterr\u00e1nea desde tiempos inmemoriales. Su consumo se remonta a la Antigua Roma, donde ya se apreciaban sus cualidades gastron\u00f3micas y se criaban en &#8220;cochlearios&#8221; (espacios dedicados a su engorde). En Catalu\u00f1a, los cargols se han convertido en un s\u00edmbolo de la cocina tradicional catalana, destacando en fiestas populares y en momentos emblem\u00e1ticos.<\/p>\n<h3><strong>Nuestra versi\u00f3n: un homenaje a la tradici\u00f3n<\/strong><\/h3>\n<p>En el <strong>Rac\u00f3 del Cargol<\/strong>, hemos perfeccionado la receta dels cargols manteniendo el respeto por la tradici\u00f3n, pero con un toque propio que los hace inconfundibles.<\/p>\n<p>Selecci\u00f3n del producto: Solo trabajamos con ingradientes de la mejor calidad, garantizando un sabor aut\u00e9ntico y una textura perfecta.<\/p>\n<p>Elaboraci\u00f3n: Nuestros chefs siguen un proceso meticuloso, que incluye un lavado exhaustivo y una cocci\u00f3n lenta, asegurando que cada caracol absorba al m\u00e1ximo los sabores del sofrito y las especias.<\/p>\n<p>El toque secreto: La mezcla de especias y el sofrito especial de la casa dan a nuestros cargols un car\u00e1cter \u00fanico, con un equilibrio perfecto entre intensidad y suavidad.<\/p>\n<h3><strong>Un ritual para compartir<\/strong><\/h3>\n<p>M\u00e1s que un plato, els cargols son una experiencia. En la mesa, su degustaci\u00f3n se convierte en un momento de conexi\u00f3n entre comensales, acompa\u00f1ados de un buen pan para mojar en la salsa y, por supuesto, un vino adecuado para realzar los sabores.<\/p>\n<p>En El Rac\u00f3 del Cargol, sabemos que los detalles marcan la diferencia, por eso servimos nuestros cargols con el m\u00e1ximo respeto por la receta tradicional y con la calidad que nuestros clientes merecen.<\/p>\n<h3><strong>Ven a probarlos<\/strong><\/h3>\n<p>Si a\u00fan no has probado els cargols de Rocxi, te invitamos a descubrir por qu\u00e9 son uno de nuestros platos m\u00e1s queridos. Ven a visitarnos y d\u00e9jate conquistar por esta joya de la gastronom\u00eda catalana.<\/p>\n<p>\u00a1Te esperamos!<\/p>\n","protected":false},"excerpt":{"rendered":"<p>Si hay un plato que representa la esencia de nuestra cocina es, sin duda, els cargols. Un cl\u00e1sico de la&#8230;<\/p>\n","protected":false},"author":2,"featured_media":42607,"comment_status":"open","ping_status":"open","sticky":false,"template":"","format":"standard","meta":[],"categories":[234],"tags":[],"yoast_head":"<!-- This site is optimized with the Yoast SEO plugin v17.2 - https:\/\/yoast.com\/wordpress\/plugins\/seo\/ -->\n<title>La historia detr\u00e1s de nuestro plato m\u00e1s emblem\u00e1tico: els cargols<\/title>\n<meta name=\"description\" content=\"Descubre la historia dels cargols, nuestro plato m\u00e1s emblem\u00e1tico. Un cl\u00e1sico de la cocina tradicional catalana. \u00a1Ven a probarlos!\" \/>\n<meta name=\"robots\" content=\"index, follow, max-snippet:-1, max-image-preview:large, max-video-preview:-1\" \/>\n<link rel=\"canonical\" href=\"https:\/\/rocxi.es\/es\/la-historia-detras-de-nuestro-plato-mas-emblematico-els-cargols\/\" \/>\n<meta property=\"og:locale\" content=\"es_ES\" \/>\n<meta property=\"og:type\" content=\"article\" \/>\n<meta property=\"og:title\" content=\"La historia detr\u00e1s de nuestro plato m\u00e1s emblem\u00e1tico: els cargols\" \/>\n<meta property=\"og:description\" content=\"Descubre la historia dels cargols, nuestro plato m\u00e1s emblem\u00e1tico. Un cl\u00e1sico de la cocina tradicional catalana. \u00a1Ven a probarlos!\" \/>\n<meta property=\"og:url\" content=\"https:\/\/rocxi.es\/es\/la-historia-detras-de-nuestro-plato-mas-emblematico-els-cargols\/\" \/>\n<meta property=\"og:site_name\" content=\"ROCXI Restaurants - Barcelona, Sants, l&#039;Hospitalet, Sant Joan Desp\u00ed\" \/>\n<meta property=\"article:published_time\" content=\"2025-02-27T09:47:01+00:00\" \/>\n<meta property=\"article:modified_time\" content=\"2025-02-27T09:55:23+00:00\" \/>\n<meta property=\"og:image\" content=\"https:\/\/rocxi.es\/wp-content\/uploads\/2025\/02\/cargols-cocina-tradicional-catalana.jpg\" \/>\n\t<meta property=\"og:image:width\" content=\"1080\" \/>\n\t<meta property=\"og:image:height\" content=\"1350\" \/>\n<meta name=\"twitter:card\" content=\"summary\" \/>\n<meta name=\"twitter:label1\" content=\"Escrito por\" \/>\n\t<meta name=\"twitter:data1\" content=\"Gesti\u00f3n de Reserva\" \/>\n\t<meta name=\"twitter:label2\" content=\"Tiempo de lectura\" \/>\n\t<meta name=\"twitter:data2\" content=\"2 minutos\" \/>\n<script type=\"application\/ld+json\" class=\"yoast-schema-graph\">{\"@context\":\"https:\/\/schema.org\",\"@graph\":[{\"@type\":\"WebSite\",\"@id\":\"https:\/\/rocxi.es\/#website\",\"url\":\"https:\/\/rocxi.es\/\",\"name\":\"ROCXI Restaurants - Barcelona, Sants, l&#039;Hospitalet, Sant Joan Desp\\u00ed\",\"description\":\"A ROCXI Restaurants oferim l&#039;aut\\u00e8ntica cuina mediterr\\u00e0nia amb una cuidada carta de vins, obtenint la millor combinaci\\u00f3 de qualitat i preu.\",\"potentialAction\":[{\"@type\":\"SearchAction\",\"target\":{\"@type\":\"EntryPoint\",\"urlTemplate\":\"https:\/\/rocxi.es\/?s={search_term_string}\"},\"query-input\":\"required name=search_term_string\"}],\"inLanguage\":\"es-ES\"},{\"@type\":\"ImageObject\",\"@id\":\"https:\/\/rocxi.es\/es\/la-historia-detras-de-nuestro-plato-mas-emblematico-els-cargols\/#primaryimage\",\"inLanguage\":\"es-ES\",\"url\":\"https:\/\/rocxi.es\/wp-content\/uploads\/2025\/02\/cargols-cocina-tradicional-catalana.jpg\",\"contentUrl\":\"https:\/\/rocxi.es\/wp-content\/uploads\/2025\/02\/cargols-cocina-tradicional-catalana.jpg\",\"width\":1080,\"height\":1350,\"caption\":\"Cargols Cocina Tradicional Catalana\"},{\"@type\":\"WebPage\",\"@id\":\"https:\/\/rocxi.es\/es\/la-historia-detras-de-nuestro-plato-mas-emblematico-els-cargols\/#webpage\",\"url\":\"https:\/\/rocxi.es\/es\/la-historia-detras-de-nuestro-plato-mas-emblematico-els-cargols\/\",\"name\":\"La historia detr\\u00e1s de nuestro plato m\\u00e1s emblem\\u00e1tico: els cargols\",\"isPartOf\":{\"@id\":\"https:\/\/rocxi.es\/#website\"},\"primaryImageOfPage\":{\"@id\":\"https:\/\/rocxi.es\/es\/la-historia-detras-de-nuestro-plato-mas-emblematico-els-cargols\/#primaryimage\"},\"datePublished\":\"2025-02-27T09:47:01+00:00\",\"dateModified\":\"2025-02-27T09:55:23+00:00\",\"author\":{\"@id\":\"https:\/\/rocxi.es\/#\/schema\/person\/7e9b7533f99f09151f6679a869fe63bd\"},\"description\":\"Descubre la historia dels cargols, nuestro plato m\\u00e1s emblem\\u00e1tico. Un cl\\u00e1sico de la cocina tradicional catalana. \\u00a1Ven a probarlos!\",\"breadcrumb\":{\"@id\":\"https:\/\/rocxi.es\/es\/la-historia-detras-de-nuestro-plato-mas-emblematico-els-cargols\/#breadcrumb\"},\"inLanguage\":\"es-ES\",\"potentialAction\":[{\"@type\":\"ReadAction\",\"target\":[\"https:\/\/rocxi.es\/es\/la-historia-detras-de-nuestro-plato-mas-emblematico-els-cargols\/\"]}]},{\"@type\":\"BreadcrumbList\",\"@id\":\"https:\/\/rocxi.es\/es\/la-historia-detras-de-nuestro-plato-mas-emblematico-els-cargols\/#breadcrumb\",\"itemListElement\":[{\"@type\":\"ListItem\",\"position\":1,\"name\":\"Portada\",\"item\":\"https:\/\/rocxi.es\/es\/\"},{\"@type\":\"ListItem\",\"position\":2,\"name\":\"La historia detr\\u00e1s de nuestro plato m\\u00e1s emblem\\u00e1tico: els cargols\"}]},{\"@type\":\"Person\",\"@id\":\"https:\/\/rocxi.es\/#\/schema\/person\/7e9b7533f99f09151f6679a869fe63bd\",\"name\":\"Gesti\\u00f3n de Reserva\",\"image\":{\"@type\":\"ImageObject\",\"@id\":\"https:\/\/rocxi.es\/#personlogo\",\"inLanguage\":\"es-ES\",\"url\":\"https:\/\/secure.gravatar.com\/avatar\/b7b203a859fc1bfb7d2aa04f57f4dd26?s=96&d=mm&r=g\",\"contentUrl\":\"https:\/\/secure.gravatar.com\/avatar\/b7b203a859fc1bfb7d2aa04f57f4dd26?s=96&d=mm&r=g\",\"caption\":\"Gesti\\u00f3n de Reserva\"}}]}<\/script>\n<!-- \/ Yoast SEO plugin. -->","yoast_head_json":{"title":"La historia detr\u00e1s de nuestro plato m\u00e1s emblem\u00e1tico: els cargols","description":"Descubre la historia dels cargols, nuestro plato m\u00e1s emblem\u00e1tico. Un cl\u00e1sico de la cocina tradicional catalana. \u00a1Ven a probarlos!","robots":{"index":"index","follow":"follow","max-snippet":"max-snippet:-1","max-image-preview":"max-image-preview:large","max-video-preview":"max-video-preview:-1"},"canonical":"https:\/\/rocxi.es\/es\/la-historia-detras-de-nuestro-plato-mas-emblematico-els-cargols\/","og_locale":"es_ES","og_type":"article","og_title":"La historia detr\u00e1s de nuestro plato m\u00e1s emblem\u00e1tico: els cargols","og_description":"Descubre la historia dels cargols, nuestro plato m\u00e1s emblem\u00e1tico. Un cl\u00e1sico de la cocina tradicional catalana. \u00a1Ven a probarlos!","og_url":"https:\/\/rocxi.es\/es\/la-historia-detras-de-nuestro-plato-mas-emblematico-els-cargols\/","og_site_name":"ROCXI Restaurants - Barcelona, Sants, l&#039;Hospitalet, Sant Joan Desp\u00ed","article_published_time":"2025-02-27T09:47:01+00:00","article_modified_time":"2025-02-27T09:55:23+00:00","og_image":[{"width":1080,"height":1350,"filesize":391867,"url":"https:\/\/rocxi.es\/wp-content\/uploads\/2025\/02\/cargols-cocina-tradicional-catalana.jpg","path":"\/home\/esanases\/rocxi.es\/wp-content\/uploads\/2025\/02\/cargols-cocina-tradicional-catalana.jpg","size":"full","id":42607,"alt":"Cargols Cocina Tradicional Catalana","pixels":1458000,"type":"image\/jpeg"}],"twitter_card":"summary","twitter_misc":{"Escrito por":"Gesti\u00f3n de Reserva","Tiempo de lectura":"2 minutos"},"schema":{"@context":"https:\/\/schema.org","@graph":[{"@type":"WebSite","@id":"https:\/\/rocxi.es\/#website","url":"https:\/\/rocxi.es\/","name":"ROCXI Restaurants - Barcelona, Sants, l&#039;Hospitalet, Sant Joan Desp\u00ed","description":"A ROCXI Restaurants oferim l&#039;aut\u00e8ntica cuina mediterr\u00e0nia amb una cuidada carta de vins, obtenint la millor combinaci\u00f3 de qualitat i preu.","potentialAction":[{"@type":"SearchAction","target":{"@type":"EntryPoint","urlTemplate":"https:\/\/rocxi.es\/?s={search_term_string}"},"query-input":"required name=search_term_string"}],"inLanguage":"es-ES"},{"@type":"ImageObject","@id":"https:\/\/rocxi.es\/es\/la-historia-detras-de-nuestro-plato-mas-emblematico-els-cargols\/#primaryimage","inLanguage":"es-ES","url":"https:\/\/rocxi.es\/wp-content\/uploads\/2025\/02\/cargols-cocina-tradicional-catalana.jpg","contentUrl":"https:\/\/rocxi.es\/wp-content\/uploads\/2025\/02\/cargols-cocina-tradicional-catalana.jpg","width":1080,"height":1350,"caption":"Cargols Cocina Tradicional Catalana"},{"@type":"WebPage","@id":"https:\/\/rocxi.es\/es\/la-historia-detras-de-nuestro-plato-mas-emblematico-els-cargols\/#webpage","url":"https:\/\/rocxi.es\/es\/la-historia-detras-de-nuestro-plato-mas-emblematico-els-cargols\/","name":"La historia detr\u00e1s de nuestro plato m\u00e1s emblem\u00e1tico: els cargols","isPartOf":{"@id":"https:\/\/rocxi.es\/#website"},"primaryImageOfPage":{"@id":"https:\/\/rocxi.es\/es\/la-historia-detras-de-nuestro-plato-mas-emblematico-els-cargols\/#primaryimage"},"datePublished":"2025-02-27T09:47:01+00:00","dateModified":"2025-02-27T09:55:23+00:00","author":{"@id":"https:\/\/rocxi.es\/#\/schema\/person\/7e9b7533f99f09151f6679a869fe63bd"},"description":"Descubre la historia dels cargols, nuestro plato m\u00e1s emblem\u00e1tico. Un cl\u00e1sico de la cocina tradicional catalana. \u00a1Ven a probarlos!","breadcrumb":{"@id":"https:\/\/rocxi.es\/es\/la-historia-detras-de-nuestro-plato-mas-emblematico-els-cargols\/#breadcrumb"},"inLanguage":"es-ES","potentialAction":[{"@type":"ReadAction","target":["https:\/\/rocxi.es\/es\/la-historia-detras-de-nuestro-plato-mas-emblematico-els-cargols\/"]}]},{"@type":"BreadcrumbList","@id":"https:\/\/rocxi.es\/es\/la-historia-detras-de-nuestro-plato-mas-emblematico-els-cargols\/#breadcrumb","itemListElement":[{"@type":"ListItem","position":1,"name":"Portada","item":"https:\/\/rocxi.es\/es\/"},{"@type":"ListItem","position":2,"name":"La historia detr\u00e1s de nuestro plato m\u00e1s emblem\u00e1tico: els cargols"}]},{"@type":"Person","@id":"https:\/\/rocxi.es\/#\/schema\/person\/7e9b7533f99f09151f6679a869fe63bd","name":"Gesti\u00f3n de Reserva","image":{"@type":"ImageObject","@id":"https:\/\/rocxi.es\/#personlogo","inLanguage":"es-ES","url":"https:\/\/secure.gravatar.com\/avatar\/b7b203a859fc1bfb7d2aa04f57f4dd26?s=96&d=mm&r=g","contentUrl":"https:\/\/secure.gravatar.com\/avatar\/b7b203a859fc1bfb7d2aa04f57f4dd26?s=96&d=mm&r=g","caption":"Gesti\u00f3n de Reserva"}}]}},"_links":{"self":[{"href":"https:\/\/rocxi.es\/es\/wp-json\/wp\/v2\/posts\/42606"}],"collection":[{"href":"https:\/\/rocxi.es\/es\/wp-json\/wp\/v2\/posts"}],"about":[{"href":"https:\/\/rocxi.es\/es\/wp-json\/wp\/v2\/types\/post"}],"author":[{"embeddable":true,"href":"https:\/\/rocxi.es\/es\/wp-json\/wp\/v2\/users\/2"}],"replies":[{"embeddable":true,"href":"https:\/\/rocxi.es\/es\/wp-json\/wp\/v2\/comments?post=42606"}],"version-history":[{"count":1,"href":"https:\/\/rocxi.es\/es\/wp-json\/wp\/v2\/posts\/42606\/revisions"}],"predecessor-version":[{"id":42610,"href":"https:\/\/rocxi.es\/es\/wp-json\/wp\/v2\/posts\/42606\/revisions\/42610"}],"wp:featuredmedia":[{"embeddable":true,"href":"https:\/\/rocxi.es\/es\/wp-json\/wp\/v2\/media\/42607"}],"wp:attachment":[{"href":"https:\/\/rocxi.es\/es\/wp-json\/wp\/v2\/media?parent=42606"}],"wp:term":[{"taxonomy":"category","embeddable":true,"href":"https:\/\/rocxi.es\/es\/wp-json\/wp\/v2\/categories?post=42606"},{"taxonomy":"post_tag","embeddable":true,"href":"https:\/\/rocxi.es\/es\/wp-json\/wp\/v2\/tags?post=42606"}],"curies":[{"name":"wp","href":"https:\/\/api.w.org\/{rel}","templated":true}]}}